{"id":1192,"date":"2023-08-08T18:33:37","date_gmt":"2023-08-08T18:33:37","guid":{"rendered":"https:\/\/cab.org.bo\/web\/?p=1192"},"modified":"2023-09-29T18:39:12","modified_gmt":"2023-09-29T18:39:12","slug":"riberalta-nos-espera-para-aprobar-diversas-normativas","status":"publish","type":"post","link":"https:\/\/cab.org.bo\/web\/2023\/08\/08\/riberalta-nos-espera-para-aprobar-diversas-normativas\/","title":{"rendered":"Riberalta nos espera para aprobar diversas normativas"},"content":{"rendered":"\n<p>Riberalta acoger\u00e1 el pr\u00f3ximo Congreso Extraordinario del Colegio de Arquitectos de Bolivia (CAB), cita en el que se tratar\u00e1n varios temas, como la aprobaci\u00f3n de la modificaci\u00f3n de los reglamentos de la instituci\u00f3n, y las normativas de sociedades, de los juegos deportivos, de sistema y registro, de concursos y c\u00f3digo de \u00e9tica profesional.<\/p>\n\n\n\n<p>Diego Rodal, presidente del Colegio de Arquitectos del Beni, ser\u00e1 el anfitri\u00f3n del evento junto a Erland Viruez, titular del colegiado riberalte\u00f1o. \u201cComo siempre los congresos se realizan en la capital, esta vez quisimos que se haga en provincia y qu\u00e9 mejor que sea Riberalta quien acoja a los colegas de todo el pa\u00eds\u201d, expres\u00f3 Rodal.&nbsp;&nbsp;<\/p>\n\n\n\n<p>La reuni\u00f3n est\u00e1 programada para el viernes 18 y s\u00e1bado 19 de agosto. Se espera la presencia de un centenar de profesionales, todos miembros de colegios departamentales y locales; solo en el Beni existen 18 colegiados en provincias.&nbsp;&nbsp;<\/p>\n","protected":false},"excerpt":{"rendered":"<p>Riberalta acoger\u00e1 el pr\u00f3ximo Congreso Extraordinario del Colegio de Arquitectos de Bolivia (CAB), cita en el que se tratar\u00e1n varios temas, como la aprobaci\u00f3n de la modificaci\u00f3n de los reglamentos de la instituci\u00f3n, y las normativas de sociedades, de los juegos deportivos, de sistema y registro, de concursos y c\u00f3digo de \u00e9tica profesional. Diego Rodal, [&hellip;]<\/p>\n","protected":false},"author":1,"featured_media":1193,"comment_status":"open","ping_status":"open","sticky":false,"template":"","format":"standard","meta":{"footnotes":""},"categories":[21],"tags":[11,13],"class_list":["post-1192","post","type-post","status-publish","format-standard","has-post-thumbnail","hentry","category-noticias","tag-cab","tag-colegio-de-arquitectos-de-bolivia"],"_links":{"self":[{"href":"https:\/\/cab.org.bo\/web\/wp-json\/wp\/v2\/posts\/1192","targetHints":{"allow":["GET"]}}],"collection":[{"href":"https:\/\/cab.org.bo\/web\/wp-json\/wp\/v2\/posts"}],"about":[{"href":"https:\/\/cab.org.bo\/web\/wp-json\/wp\/v2\/types\/post"}],"author":[{"embeddable":true,"href":"https:\/\/cab.org.bo\/web\/wp-json\/wp\/v2\/users\/1"}],"replies":[{"embeddable":true,"href":"https:\/\/cab.org.bo\/web\/wp-json\/wp\/v2\/comments?post=1192"}],"version-history":[{"count":1,"href":"https:\/\/cab.org.bo\/web\/wp-json\/wp\/v2\/posts\/1192\/revisions"}],"predecessor-version":[{"id":1194,"href":"https:\/\/cab.org.bo\/web\/wp-json\/wp\/v2\/posts\/1192\/revisions\/1194"}],"wp:featuredmedia":[{"embeddable":true,"href":"https:\/\/cab.org.bo\/web\/wp-json\/wp\/v2\/media\/1193"}],"wp:attachment":[{"href":"https:\/\/cab.org.bo\/web\/wp-json\/wp\/v2\/media?parent=1192"}],"wp:term":[{"taxonomy":"category","embeddable":true,"href":"https:\/\/cab.org.bo\/web\/wp-json\/wp\/v2\/categories?post=1192"},{"taxonomy":"post_tag","embeddable":true,"href":"https:\/\/cab.org.bo\/web\/wp-json\/wp\/v2\/tags?post=1192"}],"curies":[{"name":"wp","href":"https:\/\/api.w.org\/{rel}","templated":true}]}}